{"id":1121,"date":"2014-04-14T16:13:10","date_gmt":"2014-04-14T16:13:10","guid":{"rendered":"http:\/\/eduardoherrera.org\/blog\/?p=1121"},"modified":"2014-04-14T16:13:10","modified_gmt":"2014-04-14T16:13:10","slug":"instalacion-de-un-ascensor-en-comunidad-de-propietarios","status":"publish","type":"post","link":"https:\/\/eduardoherrera.org\/blog\/instalacion-de-un-ascensor-en-comunidad-de-propietarios\/","title":{"rendered":"Instalaci\u00f3n de un ascensor en Comunidad de Propietarios"},"content":{"rendered":"<p><a href=\"http:\/\/eduardoherrera.org\/blog\/wp-content\/uploads\/2013\/03\/diccionario.jpg\"><img loading=\"lazy\" class=\"alignleft size-thumbnail wp-image-713\" alt=\"diccionario\" src=\"http:\/\/eduardoherrera.org\/blog\/wp-content\/uploads\/2013\/03\/diccionario-150x150.jpg\" width=\"150\" height=\"150\" \/><\/a><\/p>\n<p>Desde el pasado mes de junio de 2013, fecha en la que entr\u00f3 en vigor la <strong><span style=\"color: #0000ff;\"><span style=\"color: #0000ff;\"><a href=\"hrome-extension:\/\/pnjmpgnkjenppejbgondoebklinmkmmf\/newtab\/override_newtab.html\">Ley 8\/2013 de 26 de junio de rehabilitaci\u00f3n, regeneraci\u00f3n y renovaci\u00f3n urbanas<\/a>,<\/span><\/span><\/strong><span style=\"color: #0000ff;\"><span style=\"color: #0000ff;\">\u00a0<\/span><\/span><span style=\"color: #0000ff;\"><span style=\"color: #0000ff;\"><span style=\"color: #000000;\">se ha dado un cambio importante en la materia.<\/span><\/span><\/span><\/p>\n<p>En la actualidad, para adoptar un acuerdo de Junta de Propietarios con el fin de establecer un servicio de ascensor,\u00a0<strong><span style=\"color: #ff0000;\">bastar\u00e1 con el voto favorable de la mayor\u00eda de los propietarios que a su vez representen la mayor\u00eda de las cuotas de participaci\u00f3n.<\/span><\/strong><\/p>\n<p>Muy importante el siguiente matiz: <span style=\"text-decoration: underline;\">Estar\u00e1n obligados al pago de estos gastos la totalidad de los propietarios.\u00a0<\/span>De esta forma se elimina el l\u00edmite de doce mensualidades ordinarias de gastos comunes.<\/p>\n<p>As\u00ed queda redactado el art\u00edculo 17.2 de la Ley de Propiedad Horizontal,<\/p>\n<p>\u00abSin<em> perjuicio de lo establecido en el art\u00edculo 10.1 b), la realizaci\u00f3n de obras o el establecimiento de nuevos servicios comunes que tengan por finalidad la supresi\u00f3n de barreras arquitect\u00f3nicas que dificulten el acceso o movilidad de personas con discapacidad y, en todo caso, el establecimiento de los servicios de ascensor, incluso cuando impliquen la modificaci\u00f3n del t\u00edtulo constitutivo, o de los estatutos, requerir\u00e1 el voto favorable de la mayor\u00eda de los propietarios, que, a su vez, representen la mayor\u00eda de las cuotas de participaci\u00f3n.<\/em><\/p>\n<p><em>Cuando se adopten\u00a0<\/em><i>v\u00e1lidamente acuerdos para la realizaci\u00f3n de obras de accesibilidad, la comunidad quedar\u00e1 obligada al pago de los gastos, aun cuando su importe repercutido anualmente exceda de doce mensualidades ordinarias de gastos comunes.<\/i>\u00bb<\/p>\n<p>La reforma va todav\u00eda mas all\u00e1 cuando se permite a tenor de lo dispuesto en el art. 10.1 b) de la misma Ley, \u00a0<strong><span style=\"color: #ff0000;\">sin necesidad de previo acuerdo de la Junta de Propietarios, con\u00a0car\u00e1cter\u00a0obligatorio la instalaci\u00f3n de ascensor, siempre que el importe repercutido anualmente no exceda de doce mensualidades ordinarias de gastos comunes.\u00bb<\/span><\/strong><\/p>\n<p><span style=\"color: #000000;\">En este caso tendr\u00e1\u00a0car\u00e1cter\u00a0obligatorio si el resto de coste, superado el l\u00edmite anterior es asumido por los propietarios que desean el\u00a0servicio.<\/span><\/p>\n<p>Recomendaci\u00f3n:<\/p>\n<p style=\"text-align: center;\"><span style=\"color: #0000ff;\">En cualquiera de los casos, notificar a la totalidad de los propietarios\u00a0<\/span><\/p>\n<p style=\"text-align: center;\"><span style=\"color: #0000ff;\">Si es necesaria mayor\u00eda, se deber\u00e1 notificar \u00a0a los propietarios que no hayan acudido a la Junta Ordinaria. Si en 30 d\u00eda no dicen nada, se entiende que el voto es favorable. Cuando la ley habla de mayor\u00eda entiendo que se refiere a la totalidad de los propietarios, por lo que habr\u00e1 de esperar al transcurso de esos 30 d\u00edas para realizar el computo de %<\/span><\/p>\n<p style=\"text-align: left;\">Esperemos que con la nueva f\u00f3rmula desaparezcan los impedimentos para que personas discapacitadas o personas mayores est\u00e9n condenadas a vivir sin salir de casa.<\/p>\n<p style=\"text-align: left;\">[youtube]https:\/\/www.youtube.com\/watch?v=B3gbisdtJnA[\/youtube]<\/p>\n","protected":false},"excerpt":{"rendered":"<p>Desde el pasado mes de junio de 2013, fecha en la que entr\u00f3 en vigor la Ley 8\/2013 de 26 de junio de rehabilitaci\u00f3n, regeneraci\u00f3n y renovaci\u00f3n urbanas,\u00a0se ha dado un cambio importante en la&#8230;<\/p>\n","protected":false},"author":2,"featured_media":0,"comment_status":"open","ping_status":"open","sticky":false,"template":"","format":"standard","meta":[],"categories":[7],"tags":[],"amp_enabled":true,"_links":{"self":[{"href":"https:\/\/eduardoherrera.org\/blog\/wp-json\/wp\/v2\/posts\/1121"}],"collection":[{"href":"https:\/\/eduardoherrera.org\/blog\/wp-json\/wp\/v2\/posts"}],"about":[{"href":"https:\/\/eduardoherrera.org\/blog\/wp-json\/wp\/v2\/types\/post"}],"author":[{"embeddable":true,"href":"https:\/\/eduardoherrera.org\/blog\/wp-json\/wp\/v2\/users\/2"}],"replies":[{"embeddable":true,"href":"https:\/\/eduardoherrera.org\/blog\/wp-json\/wp\/v2\/comments?post=1121"}],"version-history":[{"count":1,"href":"https:\/\/eduardoherrera.org\/blog\/wp-json\/wp\/v2\/posts\/1121\/revisions"}],"predecessor-version":[{"id":1122,"href":"https:\/\/eduardoherrera.org\/blog\/wp-json\/wp\/v2\/posts\/1121\/revisions\/1122"}],"wp:attachment":[{"href":"https:\/\/eduardoherrera.org\/blog\/wp-json\/wp\/v2\/media?parent=1121"}],"wp:term":[{"taxonomy":"category","embeddable":true,"href":"https:\/\/eduardoherrera.org\/blog\/wp-json\/wp\/v2\/categories?post=1121"},{"taxonomy":"post_tag","embeddable":true,"href":"https:\/\/eduardoherrera.org\/blog\/wp-json\/wp\/v2\/tags?post=1121"}],"curies":[{"name":"wp","href":"https:\/\/api.w.org\/{rel}","templated":true}]}}