{"id":1146,"date":"2014-10-10T08:19:20","date_gmt":"2014-10-10T08:19:20","guid":{"rendered":"http:\/\/eduardoherrera.org\/blog\/?p=1146"},"modified":"2015-04-10T14:39:17","modified_gmt":"2015-04-10T14:39:17","slug":"el-tribunal-supremo-y-la-custodia-compartida","status":"publish","type":"post","link":"https:\/\/eduardoherrera.org\/blog\/el-tribunal-supremo-y-la-custodia-compartida\/","title":{"rendered":"El Tribunal Supremo y la Custodia compartida"},"content":{"rendered":"<p><a href=\"http:\/\/eduardoherrera.org\/blog\/wp-content\/uploads\/2014\/02\/image1.jpg\"><img loading=\"lazy\" class=\"alignleft size-thumbnail wp-image-1085\" src=\"http:\/\/eduardoherrera.org\/blog\/wp-content\/uploads\/2014\/02\/image1-150x150.jpg\" alt=\"image\" width=\"150\" height=\"150\" \/><\/a>Si existe alguna materia en materia de derecho de familia en la que se est\u00e1n produciendo cambios, cuesti\u00f3n diferente es la velocidad, es la referente a la<span style=\"color: #0000ff;\"> Custodia Compartida.<\/span><\/p>\n<p>En septiembre de 2014 sigue \u00abaparcada\u00bb el Proyecto de Ley de Custodia Compartida, habi\u00e9ndose emitido un Informe del Consejo de Estado en donde se\u00a0\u00a0rechaza que los jueces impongan de manera ordinaria la custodia compartida\u00a0si ninguno de los padres lo pide.<\/p>\n<p>Mientras tanto, habr\u00e1 que continuar analizando el criterio de las diferentes Audiencias Provinciales y de las escasas Sentencias del Tribunal Supremo, para perfilar los requisitos a tener en cuenta a la hora de solicitar la guarda y custodia compartida.<\/p>\n<p>Con fecha de 25 de abril de 2014, se ha dictado una<a href=\"http:\/\/www.poderjudicial.es\/search\/documento\/TS\/7040721\/Patria%20potestad%20compartida\/20140512\"> Sentencia del Tribunal Supremo relacionada con la materia que nos ocupa<\/a>.Como antecedente se\u00f1alar que en el pleito de referencia exist\u00eda na Sentencia de Divorcio que otorgaba la custodia a uno de los progenitores, solicitandose la custodia compartida de los menores. El Juzgado de Primera Instancia estimo la custodia compartida, mientras que la Excma. Audiencia Provincial de Bizkaia, revoca la Sentencia y deja las cosas como previamente estaban, es decir la guarda y custodia continua ejerciendo por uno de los progenitores.<\/p>\n<p>En \u00a0la presente Sentencia, el Tribunal Supremo se\u00f1ala que la guarda y custodia compartida:<\/p>\n<div class=\"page\" title=\"Page 4\">\n<div class=\"layoutArea\">\n<div class=\"column\">\n<p><em>\u00ab<strong><span style=\"color: #ff0000;\">debe estar fundada en el inter\u00e9s de los menores<\/span><\/strong> que van a quedar afectados por la medida que se deba tomar, que se acordar\u00e1 cuando concurran <strong><span style=\"color: #ff0000;\">criterios tales como la pr\u00e1ctica anterior de los progenitores en sus relaciones con el menor y sus aptitudes personales; los deseos manifestados por los menores competentes; el n\u00famero de hijos; el cumplimiento por parte de los progenitores de sus deberes en relaci\u00f3n con los hijos y el respeto mutuo en sus relaciones personales; el resultado de los informes exigidos legalmente,<\/span><\/strong> y, en definitiva, cualquier otro que permita a los menores una vida adecuada, aunque en la pr\u00e1ctica pueda ser m\u00e1s compleja que la que se lleva a cabo cuando los progenitores conviven.<\/em><\/p>\n<div class=\"page\" title=\"Page 5\">\n<div class=\"layoutArea\">\n<div class=\"column\">\n<div class=\"page\" title=\"Page 5\">\n<div class=\"layoutArea\">\n<div class=\"column\">\n<p><em>Se\u00f1alando que l<strong><span style=\"color: #0000ff;\">a redacci\u00f3n del art\u00edculo 92 no permite concluir que se trate de una medida excepcional, sin que al contrario, habr\u00e1 de considerarse normal e incluso deseable,<\/span><\/strong> porque permite que sea efectivo el derecho que los hijos tienen a relacionarse con ambos progenitores, aun en situaciones de crisis, siempre que ello sea posible y en tanto en cuanto lo sea\u00bb. Como precisa la sentencia de 19 de julio de 2013 :\u00bb se prima el inter\u00e9s del menor y este inter\u00e9s, que ni el art\u00edculo 92 del C\u00f3digo Civil ni el art\u00edculo 9 de la Ley Org\u00e1nica 1\/1996, de 15 de enero, de Protecci\u00f3n Jur\u00eddica del Menor , definen ni determinan, exige sin duda un compromiso mayor y una colaboraci\u00f3n de sus progenitores tendente a que este tipo de situaciones se resuelvan en un marco de normalidad familiar que saque de la rutina una relaci\u00f3n simplemente protocolaria del padre no custodio con sus hijos que, sin la expresa colaboraci\u00f3n del otro, termine por desincentivarla tanto desde la relaci\u00f3n del no custodio con sus hijos, como de estos con aquel.\u00bb<\/em><\/p>\n<\/div>\n<\/div>\n<\/div>\n<\/div>\n<\/div>\n<\/div>\n<\/div>\n<\/div>\n<\/div>\n<p>&nbsp;<\/p>\n<p>Es aqui donde me quiero detener. La excepcionalidad exigida se debe de interpretar como la b\u00fasqueda de una fundamentaci\u00f3n a la hora de buscar el inter\u00e9s del menor. La resoluci\u00f3n judicial que adopte por una custodia compartida, debe estar motivada y argumentada en base al inter\u00e9s del menor.<\/p>\n<p>Y en el presente caso se omite esta argumentaci\u00f3n en la Sentencia dictada por la Excma. Audiencia Provincial de Bizkaia, por lo que se estima la guaraca y custodia compartida.<\/p>\n<p>&nbsp;<\/p>\n","protected":false},"excerpt":{"rendered":"<p>Si existe alguna materia en materia de derecho de familia en la que se est\u00e1n produciendo cambios, cuesti\u00f3n diferente es la velocidad, es la referente a la Custodia Compartida. En septiembre de 2014 sigue \u00abaparcada\u00bb&#8230;<\/p>\n","protected":false},"author":2,"featured_media":1085,"comment_status":"open","ping_status":"open","sticky":false,"template":"","format":"standard","meta":[],"categories":[7],"tags":[39,38],"amp_enabled":true,"_links":{"self":[{"href":"https:\/\/eduardoherrera.org\/blog\/wp-json\/wp\/v2\/posts\/1146"}],"collection":[{"href":"https:\/\/eduardoherrera.org\/blog\/wp-json\/wp\/v2\/posts"}],"about":[{"href":"https:\/\/eduardoherrera.org\/blog\/wp-json\/wp\/v2\/types\/post"}],"author":[{"embeddable":true,"href":"https:\/\/eduardoherrera.org\/blog\/wp-json\/wp\/v2\/users\/2"}],"replies":[{"embeddable":true,"href":"https:\/\/eduardoherrera.org\/blog\/wp-json\/wp\/v2\/comments?post=1146"}],"version-history":[{"count":3,"href":"https:\/\/eduardoherrera.org\/blog\/wp-json\/wp\/v2\/posts\/1146\/revisions"}],"predecessor-version":[{"id":1153,"href":"https:\/\/eduardoherrera.org\/blog\/wp-json\/wp\/v2\/posts\/1146\/revisions\/1153"}],"wp:featuredmedia":[{"embeddable":true,"href":"https:\/\/eduardoherrera.org\/blog\/wp-json\/wp\/v2\/media\/1085"}],"wp:attachment":[{"href":"https:\/\/eduardoherrera.org\/blog\/wp-json\/wp\/v2\/media?parent=1146"}],"wp:term":[{"taxonomy":"category","embeddable":true,"href":"https:\/\/eduardoherrera.org\/blog\/wp-json\/wp\/v2\/categories?post=1146"},{"taxonomy":"post_tag","embeddable":true,"href":"https:\/\/eduardoherrera.org\/blog\/wp-json\/wp\/v2\/tags?post=1146"}],"curies":[{"name":"wp","href":"https:\/\/api.w.org\/{rel}","templated":true}]}}