{"id":1163,"date":"2014-10-20T20:19:20","date_gmt":"2014-10-20T20:19:20","guid":{"rendered":"http:\/\/eduardoherrera.org\/blog\/?p=1163"},"modified":"2015-04-10T14:34:06","modified_gmt":"2015-04-10T14:34:06","slug":"podcast-derecho-para-todos-programa-1","status":"publish","type":"post","link":"https:\/\/eduardoherrera.org\/blog\/podcast-derecho-para-todos-programa-1\/","title":{"rendered":"Podcast: Derecho para todos. Programa 1"},"content":{"rendered":"<!--[if lt IE 9]><script>document.createElement('audio');<\/script><![endif]-->\n<audio class=\"wp-audio-shortcode\" id=\"audio-1163-1\" preload=\"none\" style=\"width: 100%;\" controls=\"controls\"><source type=\"audio\/mpeg\" src=\"http:\/\/eduardoherrera.org\/blog\/wp-content\/uploads\/2014\/10\/Episodio-1-La-autotutela.mp3?_=1\" \/><a href=\"http:\/\/eduardoherrera.org\/blog\/wp-content\/uploads\/2014\/10\/Episodio-1-La-autotutela.mp3\">http:\/\/eduardoherrera.org\/blog\/wp-content\/uploads\/2014\/10\/Episodio-1-La-autotutela.mp3<\/a><\/audio>\n<p><a href=\"http:\/\/eduardoherrera.org\/blog\/wp-content\/uploads\/2012\/12\/Edu932.jpg\"><img loading=\"lazy\" class=\"alignleft size-thumbnail wp-image-378\" src=\"http:\/\/eduardoherrera.org\/blog\/wp-content\/uploads\/2012\/12\/Edu932-150x150.jpg\" alt=\"Eduardo Herrera\" width=\"150\" height=\"150\" \/><\/a><\/p>\n<p>Aqui os traigo el episodio 1 del podcast Derecho para todos, el primer podcast jur\u00eddico en donde intentar\u00e9 acercar el derecho a la comprensi\u00f3n de todo el mundo<\/p>\n<p>En este primer programa os hablo de la<a href=\"http:\/\/eduardoherrera.org\/blog\/?p=1157\"> autotutela<\/a><\/p>\n<p>Tambi\u00e9n comento un par de noticias. La primera de ellas relacionada con la custodia compartida y una reciente <a href=\"http:\/\/eduardoherrera.org\/blog\/?p=1146\">Sentencia del Tribunal Supremo en esta materia.<\/a><\/p>\n<p>Tambi\u00e9n comentamos el aumento de divorcios en personas mayores de 65 a\u00f1os.<\/p>\n<p>Espero que os guste y que sep\u00e1is perdonar a un amateur que solo pretende acercar el derecho a todo el mundo.<\/p>\n<p>Espero vuestras sugerencia, comentarios y si deseas que trate cualquier tema, simplemente pidelo.<\/p>\n<p>La m\u00fasica<\/p>\n<p>Autor:Mastermind XS\u9800<\/p>\n<p>Canci\u00f3n: Sunny day (instrumental)<\/p>\n<p>Copyright: \u00a0Creative Commons Attribution-NonCommercial-NoDerivatives (aka Music Sharing): http:\/\/creativecommons.org\/licenses\/by-nc-nd\/3.0\/<\/p>\n<p>Para recordar. Post 0:<br \/>\n<iframe loading=\"lazy\" src=\"http:\/\/www.ivoox.com\/player_ek_1818449_2_1.html?data=kp2empmYfY6ZmKialJWJd6KkkZKSmaiRdo6ZmKiak5KJe6Shk5KSmaiRkMLrjM7gjc7Sb9XcxpCuy9eSb6bkytjcxs7Tb5Ghhpywj83JqMbgwtXSj4qbh46o&amp;\" width=\"238\" height=\"48\" frameborder=\"0\" scrolling=\"no\" allowfullscreen=\"allowfullscreen\"><\/iframe><\/p>\n","protected":false},"excerpt":{"rendered":"<p>Aqui os traigo el episodio 1 del podcast Derecho para todos, el primer podcast jur\u00eddico en donde intentar\u00e9 acercar el derecho a la comprensi\u00f3n de todo el mundo En este primer programa os hablo de&#8230;<\/p>\n","protected":false},"author":2,"featured_media":717,"comment_status":"open","ping_status":"open","sticky":false,"template":"","format":"standard","meta":[],"categories":[7,3,8],"tags":[50,47,48,49],"amp_enabled":true,"_links":{"self":[{"href":"https:\/\/eduardoherrera.org\/blog\/wp-json\/wp\/v2\/posts\/1163"}],"collection":[{"href":"https:\/\/eduardoherrera.org\/blog\/wp-json\/wp\/v2\/posts"}],"about":[{"href":"https:\/\/eduardoherrera.org\/blog\/wp-json\/wp\/v2\/types\/post"}],"author":[{"embeddable":true,"href":"https:\/\/eduardoherrera.org\/blog\/wp-json\/wp\/v2\/users\/2"}],"replies":[{"embeddable":true,"href":"https:\/\/eduardoherrera.org\/blog\/wp-json\/wp\/v2\/comments?post=1163"}],"version-history":[{"count":6,"href":"https:\/\/eduardoherrera.org\/blog\/wp-json\/wp\/v2\/posts\/1163\/revisions"}],"predecessor-version":[{"id":1198,"href":"https:\/\/eduardoherrera.org\/blog\/wp-json\/wp\/v2\/posts\/1163\/revisions\/1198"}],"wp:featuredmedia":[{"embeddable":true,"href":"https:\/\/eduardoherrera.org\/blog\/wp-json\/wp\/v2\/media\/717"}],"wp:attachment":[{"href":"https:\/\/eduardoherrera.org\/blog\/wp-json\/wp\/v2\/media?parent=1163"}],"wp:term":[{"taxonomy":"category","embeddable":true,"href":"https:\/\/eduardoherrera.org\/blog\/wp-json\/wp\/v2\/categories?post=1163"},{"taxonomy":"post_tag","embeddable":true,"href":"https:\/\/eduardoherrera.org\/blog\/wp-json\/wp\/v2\/tags?post=1163"}],"curies":[{"name":"wp","href":"https:\/\/api.w.org\/{rel}","templated":true}]}}