{"id":169,"date":"2012-10-15T13:30:15","date_gmt":"2012-10-15T13:30:15","guid":{"rendered":"http:\/\/eduardoherrera.org\/blog\/?p=169"},"modified":"2012-10-15T13:30:15","modified_gmt":"2012-10-15T13:30:15","slug":"modelo-de-convocatoria-junta-vecinos","status":"publish","type":"post","link":"https:\/\/eduardoherrera.org\/blog\/modelo-de-convocatoria-junta-vecinos\/","title":{"rendered":"Modelo de Convocatoria Junta Vecinos"},"content":{"rendered":"<p><a href=\"http:\/\/eduardoherrera.org\/blog\/wp-content\/uploads\/2012\/10\/David.png\"><img loading=\"lazy\" class=\"alignnone size-full wp-image-56\" title=\"David\" src=\"http:\/\/eduardoherrera.org\/blog\/wp-content\/uploads\/2012\/10\/David.png\" alt=\"\" width=\"96\" height=\"96\" \/><\/a>Por expresa petici\u00f3n de un lector, os acompa\u00f1o un modelo de convocatoria de Junta para una Comunidad de Propietarios. Es importante que quede reflejada tanto el dia como el lugar de la misma, y asimismo la hora en que se celebre, tanto en primera como en segunad convocatoria. Textualmente, la Ley de Propiedad Horizontal indica en su art\u00edculo 16 lo siguiente:<\/p>\n<p><em>\u00abArt\u00edculo 16.-1. La Junta de propietarios se reunir\u00e1 por lo menos una vez al a\u00f1o para aprobar los presupuestos y cuentas y en las dem\u00e1s ocasiones que lo considere conveniente el presidente o lo pidan la cuarta parte de los propietarios, o un n\u00famero de \u00e9stos que representen al menos el 25 por 100 de las cuotas de participaci\u00f3n.<\/em><\/p>\n<p><em>2. La convocatoria de las Juntas la har\u00e1 el presidente y, en su defecto, los promotores de la reuni\u00f3n, con indicaci\u00f3n de los asuntos a tratar, el lugar, d\u00eda y hora en que se celebrar\u00e1 en primera o, en su caso, en segunda convocatoria, practic\u00e1ndose las citaciones en la forma establecida en el <a id=\"SD_L_7a837_ART.9\" href=\"javascript:\">art. 9<!--No tratado: d--><\/a>. La convocatoria contendr\u00e1 una relaci\u00f3n de los propietarios que no est\u00e9n al corriente en el pago de las deudas vencidas a la comunidad y advertir\u00e1 de la privaci\u00f3n del derecho de voto si se dan los supuestos previstos en el <a id=\"SD_L_7a837_ART.15\" href=\"javascript:\">art. 15.2.<!--No tratado: d--><\/a><\/em><\/p>\n<p><em>Cualquier propietario podr\u00e1 pedir que la Junta de propietarios estudie y se pronuncie sobre cualquier tema de inter\u00e9s para la comunidad; a tal efecto dirigir\u00e1 escrito, en el que especifique claramente los asuntos que pide sean tratados, al presidente, el cual los incluir\u00e1 en el orden del d\u00eda de la siguiente Junta que se celebre.<\/em><\/p>\n<p><em>Si a la reuni\u00f3n de la Junta no concurriesen, en primera convocatoria, la mayor\u00eda de los propietarios que representen, a su vez, la mayor\u00eda de las cuotas de participaci\u00f3n se proceder\u00e1 a una segunda convocatoria de la misma, esta vez sin sujeci\u00f3n a \u00bbqu\u00f3rum\u00bb.<\/em><\/p>\n<p><em>La Junta se reunir\u00e1 en segunda convocatoria en el lugar, d\u00eda y hora indicados en la primera citaci\u00f3n, pudiendo celebrarse el mismo d\u00eda si hubiese transcurrido media hora desde la anterior. En su defecto, ser\u00e1 nuevamente convocada, conforme a los requisitos establecidos en este art\u00edculo, dentro de los ocho d\u00edas naturales siguientes a la Junta no celebrada, curs\u00e1ndose en este caso las citaciones con una antelaci\u00f3n m\u00ednima de tres d\u00edas.<\/em><\/p>\n<p><em>3. La citaci\u00f3n para la Junta ordinaria anual se har\u00e1, cuando menos, con seis d\u00edas de antelaci\u00f3n, y para las extraordinarias, con la que sea posible para que pueda llegar a conocimiento de todos los interesados. La Junta podr\u00e1 reunirse v\u00e1lidamente aun sin la convocatoria del presidente, siempre que concurran la totalidad de los propietarios y as\u00ed lo decidan.\u00bb<\/em><\/p>\n<p><em><\/em><\/p>\n<p>\u00a0\u00a0\u00a0\u00a0\u00a0\u00a0\u00a0\u00a0\u00a0\u00a0\u00a0\u00a0\u00a0\u00a0\u00a0\u00a0\u00a0\u00a0\u00a0\u00a0\u00a0\u00a0\u00a0\u00a0\u00a0\u00a0\u00a0\u00a0\u00a0\u00a0\u00a0\u00a0\u00a0\u00a0\u00a0\u00a0\u00a0 COMUNIDAD DE PROPIETARIOS &#8230;&#8230;.<strong><span style=\"text-decoration: underline;\">\u00a0<\/span><\/strong><\/p>\n<p><strong><span style=\"text-decoration: underline;\">\u00a0<\/span><\/strong><\/p>\n<p align=\"right\">&#8230;&#8230;&#8230;.a &#8230;&#8230;.. de &#8230;&#8230;&#8230;.. de &#8230;&#8230;&#8230;.<\/p>\n<p>Estimado propietario:<\/p>\n<p>&nbsp;<\/p>\n<p>De conformidad con el art\u00edculo 16 de la Leyde Propiedad Horizontal, se le convoca para una reuni\u00f3n ordinaria de la Juntade Propietarios que se celebrar\u00e1, el pr\u00f3ximo d\u00eda &#8230;.de &#8230;&#8230;&#8230;.. de 2012\u00a0 a <strong>las\u00a0&#8230;&#8230;&#8230; en primera convocatoria y, en su caso, en el mismo lugar\u00a0 y d\u00eda a las\u00a0&#8230;&#8230;.. horas en segunda convocatoria<\/strong>, a celebrar\u00a0 en el portal en para tratar del asunto siguiente:<\/p>\n<p>&nbsp;<\/p>\n<p>1.- &#8230;&#8230;&#8230;&#8230;&#8230;&#8230;&#8230;&#8230;&#8230;&#8230;&#8230;&#8230;&#8230;&#8230;&#8230;&#8230;&#8230;&#8230;&#8230;&#8230;&#8230;&#8230;&#8230;&#8230;&#8230;..<\/p>\n<p>2.- &#8230;&#8230;&#8230;&#8230;&#8230;&#8230;&#8230;&#8230;&#8230;&#8230;&#8230;&#8230;&#8230;&#8230;&#8230;&#8230;&#8230;&#8230;&#8230;&#8230;&#8230;&#8230;&#8230;&#8230;&#8230;&#8230;<\/p>\n<p>3.-Ruegos Y Preguntas<\/p>\n<p>&nbsp;<\/p>\n<p>&nbsp;<\/p>\n<p align=\"right\">Atentamente le saluda,<\/p>\n<div>\n<p align=\"right\">El Presidente<\/p>\n<\/div>\n<p align=\"right\">\u00a0<\/p>\n<p>Nota: A los efectos procedentes, se hace constar que al d\u00eda de hoy los propietarios que tienen recibos pendientes de pago y que de seguir en esta situaci\u00f3n el d\u00eda de la Junta no podr\u00e1n ejercer el voto.<\/p>\n<p>&nbsp;<\/p>\n<table width=\"515\" border=\"0\" cellspacing=\"0\" cellpadding=\"0\">\n<tbody>\n<tr>\n<td valign=\"bottom\" nowrap=\"nowrap\" width=\"440\">&nbsp;<\/td>\n<td valign=\"bottom\" nowrap=\"nowrap\" width=\"76\">\n<p align=\"right\">\u00a0<\/p>\n<\/td>\n<\/tr>\n<tr>\n<td valign=\"bottom\" nowrap=\"nowrap\" width=\"440\">&nbsp;<\/td>\n<td valign=\"bottom\" nowrap=\"nowrap\" width=\"76\">\n<p align=\"right\">\u00a0<\/p>\n<\/td>\n<\/tr>\n<tr>\n<td valign=\"bottom\" nowrap=\"nowrap\" width=\"440\">&nbsp;<\/td>\n<td valign=\"bottom\" nowrap=\"nowrap\" width=\"76\">\n<p align=\"right\">\u00a0<\/p>\n<\/td>\n<\/tr>\n<tr>\n<td valign=\"bottom\" nowrap=\"nowrap\" width=\"440\">&nbsp;<\/td>\n<td valign=\"bottom\" nowrap=\"nowrap\" width=\"76\">\n<p align=\"right\">\u00a0<\/p>\n<\/td>\n<\/tr>\n<tr>\n<td valign=\"bottom\" nowrap=\"nowrap\" width=\"440\">&nbsp;<\/td>\n<td valign=\"bottom\" nowrap=\"nowrap\" width=\"76\">\n<p align=\"right\">\u00a0<\/p>\n<\/td>\n<\/tr>\n<tr>\n<td valign=\"bottom\" nowrap=\"nowrap\" width=\"440\">&nbsp;<\/td>\n<td valign=\"bottom\" nowrap=\"nowrap\" width=\"76\">\n<p align=\"right\">\u00a0<\/p>\n<\/td>\n<\/tr>\n<\/tbody>\n<\/table>\n<p>&nbsp;<\/p>\n<p>&nbsp;<\/p>\n<p>&nbsp;<\/p>\n<p>DELEGACI\u00d3N. El firmante, propietario del piso o local __\/__ de la Comunidad de Propietarios del Edificio sito en __________, por medio del presente escrito, concedo autorizaci\u00f3n a D.\/D.\u00aa ____________________, para la asistencia y votaci\u00f3n en la Junta a celebrar el d\u00eda ________.<\/p>\n<p>&nbsp;<\/p>\n<p>&nbsp;<\/p>\n<p>Firmado: D.\/D.\u00aa ____________________.<\/p>\n","protected":false},"excerpt":{"rendered":"<p>Por expresa petici\u00f3n de un lector, os acompa\u00f1o un modelo de convocatoria de Junta para una Comunidad de Propietarios. Es importante que quede reflejada tanto el dia como el lugar de la misma, y asimismo&#8230;<\/p>\n","protected":false},"author":2,"featured_media":0,"comment_status":"open","ping_status":"open","sticky":false,"template":"","format":"standard","meta":[],"categories":[7],"tags":[],"amp_enabled":true,"_links":{"self":[{"href":"https:\/\/eduardoherrera.org\/blog\/wp-json\/wp\/v2\/posts\/169"}],"collection":[{"href":"https:\/\/eduardoherrera.org\/blog\/wp-json\/wp\/v2\/posts"}],"about":[{"href":"https:\/\/eduardoherrera.org\/blog\/wp-json\/wp\/v2\/types\/post"}],"author":[{"embeddable":true,"href":"https:\/\/eduardoherrera.org\/blog\/wp-json\/wp\/v2\/users\/2"}],"replies":[{"embeddable":true,"href":"https:\/\/eduardoherrera.org\/blog\/wp-json\/wp\/v2\/comments?post=169"}],"version-history":[{"count":3,"href":"https:\/\/eduardoherrera.org\/blog\/wp-json\/wp\/v2\/posts\/169\/revisions"}],"predecessor-version":[{"id":172,"href":"https:\/\/eduardoherrera.org\/blog\/wp-json\/wp\/v2\/posts\/169\/revisions\/172"}],"wp:attachment":[{"href":"https:\/\/eduardoherrera.org\/blog\/wp-json\/wp\/v2\/media?parent=169"}],"wp:term":[{"taxonomy":"category","embeddable":true,"href":"https:\/\/eduardoherrera.org\/blog\/wp-json\/wp\/v2\/categories?post=169"},{"taxonomy":"post_tag","embeddable":true,"href":"https:\/\/eduardoherrera.org\/blog\/wp-json\/wp\/v2\/tags?post=169"}],"curies":[{"name":"wp","href":"https:\/\/api.w.org\/{rel}","templated":true}]}}