{"id":179,"date":"2012-10-18T15:58:37","date_gmt":"2012-10-18T15:58:37","guid":{"rendered":"http:\/\/eduardoherrera.org\/blog\/?p=179"},"modified":"2012-10-18T15:58:37","modified_gmt":"2012-10-18T15:58:37","slug":"plataforma-civica-en-defensa-de-la-profesion-de-abogado","status":"publish","type":"post","link":"https:\/\/eduardoherrera.org\/blog\/plataforma-civica-en-defensa-de-la-profesion-de-abogado\/","title":{"rendered":"Plataforma Civica en defensa de la profesi\u00f3n de Abogado"},"content":{"rendered":"<p><a href=\"http:\/\/eduardoherrera.org\/blog\/wp-content\/uploads\/2012\/10\/David.png\"><img loading=\"lazy\" class=\"alignnone size-full wp-image-56\" title=\"David\" src=\"http:\/\/eduardoherrera.org\/blog\/wp-content\/uploads\/2012\/10\/David.png\" alt=\"\" width=\"96\" height=\"96\" \/><\/a><\/p>\n<p>Me gustar\u00eda presentar la Plataforma C\u00edvica en defensa de la profesi\u00f3n de Abogado, \u00a0entre cuyos objetivos est\u00e1n la dignificaci\u00f3n\u00a0 de la profesi\u00f3n as\u00ed como lograr la consideraci\u00f3n de Autoridad . (a efectos penales) al Abogado en el desempe\u00f1o de su trabajo.<\/p>\n<p>De reciente creaci\u00f3n como consecuencia del asesinato a una compa\u00f1era granadina y tras una profunda \u00a0reflexi\u00f3n donde se constata \u00a0la desprotecci\u00f3n de la figura del abogado, su desconsideraci\u00f3n y discriminaci\u00f3n respecto al resto de los operadores jur\u00eddicos<\/p>\n<p>Asimismo, \u00a0se ha creado un foro en facebook con el fin de fomentar el dialogo entre compa\u00f1eros Abogados, y a su vez, unir a los Abogados integrantes de la Plataforma C\u00edvica antes aludida.<\/p>\n<p><a href=\"https:\/\/www.facebook.com\/herrera.abogado#!\/groups\/147028972108609\/153860721425434\/?notif_t=group_activity\">https:\/\/www.facebook.com\/herrera.abogado#!\/groups\/147028972108609\/153860721425434\/?notif_t=group_activity<\/a><\/p>\n","protected":false},"excerpt":{"rendered":"<p>Me gustar\u00eda presentar la Plataforma C\u00edvica en defensa de la profesi\u00f3n de Abogado, \u00a0entre cuyos objetivos est\u00e1n la dignificaci\u00f3n\u00a0 de la profesi\u00f3n as\u00ed como lograr la consideraci\u00f3n de Autoridad . (a efectos penales) al Abogado&#8230;<\/p>\n","protected":false},"author":2,"featured_media":0,"comment_status":"open","ping_status":"open","sticky":false,"template":"","format":"standard","meta":[],"categories":[7],"tags":[],"amp_enabled":true,"_links":{"self":[{"href":"https:\/\/eduardoherrera.org\/blog\/wp-json\/wp\/v2\/posts\/179"}],"collection":[{"href":"https:\/\/eduardoherrera.org\/blog\/wp-json\/wp\/v2\/posts"}],"about":[{"href":"https:\/\/eduardoherrera.org\/blog\/wp-json\/wp\/v2\/types\/post"}],"author":[{"embeddable":true,"href":"https:\/\/eduardoherrera.org\/blog\/wp-json\/wp\/v2\/users\/2"}],"replies":[{"embeddable":true,"href":"https:\/\/eduardoherrera.org\/blog\/wp-json\/wp\/v2\/comments?post=179"}],"version-history":[{"count":3,"href":"https:\/\/eduardoherrera.org\/blog\/wp-json\/wp\/v2\/posts\/179\/revisions"}],"predecessor-version":[{"id":182,"href":"https:\/\/eduardoherrera.org\/blog\/wp-json\/wp\/v2\/posts\/179\/revisions\/182"}],"wp:attachment":[{"href":"https:\/\/eduardoherrera.org\/blog\/wp-json\/wp\/v2\/media?parent=179"}],"wp:term":[{"taxonomy":"category","embeddable":true,"href":"https:\/\/eduardoherrera.org\/blog\/wp-json\/wp\/v2\/categories?post=179"},{"taxonomy":"post_tag","embeddable":true,"href":"https:\/\/eduardoherrera.org\/blog\/wp-json\/wp\/v2\/tags?post=179"}],"curies":[{"name":"wp","href":"https:\/\/api.w.org\/{rel}","templated":true}]}}