{"id":716,"date":"2013-03-04T16:43:26","date_gmt":"2013-03-04T16:43:26","guid":{"rendered":"http:\/\/eduardoherrera.org\/blog\/?p=716"},"modified":"2013-03-04T16:43:26","modified_gmt":"2013-03-04T16:43:26","slug":"marca-personal-2","status":"publish","type":"post","link":"https:\/\/eduardoherrera.org\/blog\/marca-personal-2\/","title":{"rendered":"Marca Personal"},"content":{"rendered":"<p>Hay dos cosas en las que todos somos iguales, bueno probablemente haya muchas m\u00e1s, pero a nivel de emprender, hay un par de cuestiones en las que todo el mundo es igual.<\/p>\n<p>La primera de ella es el tiempo. Todo el mundo dispone de 24 horas para organizarse. Y curiosamente, mi hora tiene los mismos minutos que la tuya. Hasta el \u00faltimo com\u00fan de los mortales puede decir que su minuto tiene sesenta segundos.<\/p>\n<p><a href=\"http:\/\/eduardoherrera.org\/blog\/?attachment_id=717\" rel=\"attachment wp-att-717\"><img loading=\"lazy\" class=\"alignleft size-medium wp-image-717\" alt=\"IMG_0931\" src=\"http:\/\/eduardoherrera.org\/blog\/wp-content\/uploads\/2013\/03\/IMG_0931-225x300.jpg\" width=\"225\" height=\"300\" srcset=\"https:\/\/eduardoherrera.org\/blog\/wp-content\/uploads\/2013\/03\/IMG_0931-225x300.jpg 225w, https:\/\/eduardoherrera.org\/blog\/wp-content\/uploads\/2013\/03\/IMG_0931-768x1024.jpg 768w\" sizes=\"(max-width: 225px) 100vw, 225px\" \/><\/a>Hay, por otro lado otra cuesti\u00f3n que se nos asemeja. Todos tenemos nuestro sello personal, y todos podemos tener la posibilidad de mostrar al pr\u00f3jimo ese sello. A esto yo le llamo marca personal. \u00bfque es marca personal?<\/p>\n<p>A mi juicio la respuesta es muy sencilla: es la forma en la que nos mostramos o vendemos a un tercero. Todos nos relacionamos y percibimos. cada momento del d\u00eda, en cada conversaci\u00f3n, en cualquier reuni\u00f3n o gesti\u00f3n, nos comunicamos y recibimos informaci\u00f3n. Nos mostramos y se nos muestran. Eso es marca personal.<\/p>\n<p>Muchos de vosotros, no me conoc\u00e9is ni siquiera de cara. \u00bfcual es la percepci\u00f3n que\u00a0ten\u00e9is\u00a0de Eduardo Herrera- Abogado?, \u00bfhasta que punto mis comentarios marcan una percepci\u00f3n en vosotros?<\/p>\n<p>Y ahora plantearos la misma cuesti\u00f3n en pasiva. Escoger vuestro \u00faltimo d\u00eda. \u00bf\u00a0hab\u00e9is\u00a0trasladado alg\u00fan tipo de imagen? \u00bfEs esa la correcta, o por el contrario, os gustar\u00eda mostrar el otro lado de la cara?<\/p>\n<p>Todo esto es marca personal,\u00a0<strong>y de nosotros depende descubrir certezas y particularidades para\u00a0transmit\u00edrselas\u00a0a los dem\u00e1s.<\/strong><\/p>\n<p>Y mi segunda pregunta, \u00bfquien mejor que t\u00fa para hacer \u00e9sto?. <b>Conclusi\u00f3n: el\u00a0\u00e9xito\u00a0de tu marca est\u00e1 en ti mismo.<\/b><\/p>\n<p>Esta teor\u00eda es v\u00e1lida en el \u00e1mbito personal y familiar. Y del mismo modo lo es para el terreno laboral. De ah\u00ed que aunque no tengas tu propio negocio, lo que te comento es \u00fatil; pero si encima estas dentro de una organizaci\u00f3n propia o ajena, la lectura es casi obligada.<\/p>\n<p><strong>Debes ser aut\u00e9ntico<\/strong>. no vendas humo, la gente no es tonta. Tiene, con perd\u00f3n de la expresi\u00f3n, \u00abel culo pelado\u00bb de charlatanes y fantasmas. Se les conoce seg\u00fan llegan, y \u00a0sino es as\u00ed el tiempo se encarga de ponerlos en su lugar. Cuando hablo de autenticidad, hablo de honestidad. No finjas ser quien no eres. te encontrar\u00e1s incomodo interpretando un papel. Todos nosotros tenemos cosas a favor y en contra. Desarrolla las primeras, entierras las otras.<\/p>\n<p><strong>El boca a boca.\u00a0<\/strong>Este es el mejor aliado para el crecimiento de una marca personal. (y entre t\u00fa y yo, es\u00a0gratis\u00a0. Cuantas veces has recomendado una empresa, un producto. \u00bfha funcionado? Pues del mismo modo, si consigues ser recomendado, el triunfo es seguro.<\/p>\n<p><strong>La marca genera prestigio.El prestigio genera oportunidades. Las oportunidades generan beneficios.<\/strong>\u00a0En menudo circulo nos encontramos.Vueltas y vueltas a lo mismo. Pero es as\u00ed.<\/p>\n<p>Si la gente conoce tu marca, \u00e9sta es aut\u00e9ntica, honesta, confiar\u00e1 en ti, te recomendar\u00e1, tu prestigio aumentar\u00e1, y por lo tanto tus beneficios. Y en estos \u00faltimos hablo tanto de los econ\u00f3micos como de los sociales.<\/p>\n<p>Por \u00faltimo me gustar\u00eda me respondieses en un comentario. \u00bfcual es la percepci\u00f3n que\u00a0ten\u00e9is\u00a0hasta la fecha de Herrera Abogado?<\/p>\n","protected":false},"excerpt":{"rendered":"<p>Hay dos cosas en las que todos somos iguales, bueno probablemente haya muchas m\u00e1s, pero a nivel de emprender, hay un par de cuestiones en las que todo el mundo es igual. La primera de&#8230;<\/p>\n","protected":false},"author":2,"featured_media":0,"comment_status":"open","ping_status":"open","sticky":false,"template":"","format":"standard","meta":[],"categories":[7,3,13],"tags":[],"amp_enabled":true,"_links":{"self":[{"href":"https:\/\/eduardoherrera.org\/blog\/wp-json\/wp\/v2\/posts\/716"}],"collection":[{"href":"https:\/\/eduardoherrera.org\/blog\/wp-json\/wp\/v2\/posts"}],"about":[{"href":"https:\/\/eduardoherrera.org\/blog\/wp-json\/wp\/v2\/types\/post"}],"author":[{"embeddable":true,"href":"https:\/\/eduardoherrera.org\/blog\/wp-json\/wp\/v2\/users\/2"}],"replies":[{"embeddable":true,"href":"https:\/\/eduardoherrera.org\/blog\/wp-json\/wp\/v2\/comments?post=716"}],"version-history":[{"count":2,"href":"https:\/\/eduardoherrera.org\/blog\/wp-json\/wp\/v2\/posts\/716\/revisions"}],"predecessor-version":[{"id":719,"href":"https:\/\/eduardoherrera.org\/blog\/wp-json\/wp\/v2\/posts\/716\/revisions\/719"}],"wp:attachment":[{"href":"https:\/\/eduardoherrera.org\/blog\/wp-json\/wp\/v2\/media?parent=716"}],"wp:term":[{"taxonomy":"category","embeddable":true,"href":"https:\/\/eduardoherrera.org\/blog\/wp-json\/wp\/v2\/categories?post=716"},{"taxonomy":"post_tag","embeddable":true,"href":"https:\/\/eduardoherrera.org\/blog\/wp-json\/wp\/v2\/tags?post=716"}],"curies":[{"name":"wp","href":"https:\/\/api.w.org\/{rel}","templated":true}]}}