{"id":752,"date":"2013-03-14T09:23:16","date_gmt":"2013-03-14T09:23:16","guid":{"rendered":"http:\/\/eduardoherrera.org\/blog\/?p=752"},"modified":"2013-03-14T10:50:12","modified_gmt":"2013-03-14T10:50:12","slug":"es-ilegal-y-abusiva-la-ley-espanola-sobre-desahucios","status":"publish","type":"post","link":"https:\/\/eduardoherrera.org\/blog\/es-ilegal-y-abusiva-la-ley-espanola-sobre-desahucios\/","title":{"rendered":"Es ilegal y abusiva la ley espa\u00f1ola sobre desahucios"},"content":{"rendered":"<p><a href=\"http:\/\/eduardoherrera.org\/blog\/?attachment_id=600\" rel=\"attachment wp-att-600\"><img loading=\"lazy\" class=\"alignleft size-full wp-image-600\" alt=\"1405589_dynamic_apartment_architecture\" src=\"http:\/\/eduardoherrera.org\/blog\/wp-content\/uploads\/2013\/01\/1405589_dynamic_apartment_architecture.jpg\" width=\"100\" height=\"75\" \/><\/a>El Tribunal de Justicia europeo acaba de publicar una de las Sentencias mas esperadas en Espa\u00f1a. Esta Sentencia entiendo que va a marcar la linea a seguir en los presentes y futuros procedimientos de desahucios.<\/p>\n<p>Tengo que se\u00f1alar, que es apenas hace quince minutos cuando he conocido el fallo, no su contenido \u00edntegro, por lo que este post ira cambiando a medida que vaya conociendo el fundamento, pero de forma breve podemos avanzar lo siguiente:<\/p>\n<p>.- La Ley Hipotecaria espa\u00f1ola es abusiva<\/p>\n<p>.- Es contraria a las normas de la Uni\u00f3n Europea.<\/p>\n<p>.- Vulnera la directiva comunitaria de derechos de los consumidores<\/p>\n<p>.- El proyecto de ley que est\u00e1 preparando el Gobierno deber\u00eda tener en cuenta esta argumentaci\u00f3n para no tropezar dos veces en la misma piedra.<\/p>\n<p>.- La Sentencia es de obligado cumplimiento por los jueces espa\u00f1oles.<\/p>\n<p>.- Se\u00a0deber\u00eda\u00a0solicitar la suspensi\u00f3n de los procedimientos hipotecarios existentes hasta conocer de forma detallada los fundamentos jur\u00eddicos.<\/p>\n<p>Seg\u00fan se va recogiendo en la prensa, las primeras declaraciones hablan sobre la necesidad de modificaciones en la ley hipotecaria. A buenas horas. Mi primer recuerdo son para aquellas personas que han sufrido de forma directa las consecuencias de algo tan injusto. El Ministro de Justicia\u00a0tambi\u00e9n\u00a0ha anunciado cambios urgentes.<\/p>\n<p>Podemos decir que es un paso para la daci\u00f3n en pago. Tiempo al tiempo.<\/p>\n<p>Pero hay una cosa que no podemos olvidar, y que nos debe servir de lecci\u00f3n para otros casos. No se puede permitir que situaciones como \u00e9sta tengan consecuencias tan graves. En este caso, el deudor no ha sido desahuciado, pero \u00bfcuantos podr\u00edan ahora exigir la devoluci\u00f3n de su vivienda?<\/p>\n<p>El gran interrogante es: \u00bfy que pasa con los desahuciados? \u00bfhay marcha atr\u00e1s? \u00bfpueden exigir responsabilidades? Disculpen mi ignorancia, pero solo puedo contestar \u00abtiempo al tiempo\u00bb<\/p>\n<p>Sin duda una gran noticia.!<\/p>\n<p>[youtube]http:\/\/www.youtube.com\/watch?v=qaOuqHF3mDk[\/youtube]<\/p>\n<p>&nbsp;<\/p>\n","protected":false},"excerpt":{"rendered":"<p>El Tribunal de Justicia europeo acaba de publicar una de las Sentencias mas esperadas en Espa\u00f1a. Esta Sentencia entiendo que va a marcar la linea a seguir en los presentes y futuros procedimientos de desahucios&#8230;.<\/p>\n","protected":false},"author":2,"featured_media":0,"comment_status":"open","ping_status":"open","sticky":false,"template":"","format":"standard","meta":[],"categories":[7],"tags":[],"amp_enabled":true,"_links":{"self":[{"href":"https:\/\/eduardoherrera.org\/blog\/wp-json\/wp\/v2\/posts\/752"}],"collection":[{"href":"https:\/\/eduardoherrera.org\/blog\/wp-json\/wp\/v2\/posts"}],"about":[{"href":"https:\/\/eduardoherrera.org\/blog\/wp-json\/wp\/v2\/types\/post"}],"author":[{"embeddable":true,"href":"https:\/\/eduardoherrera.org\/blog\/wp-json\/wp\/v2\/users\/2"}],"replies":[{"embeddable":true,"href":"https:\/\/eduardoherrera.org\/blog\/wp-json\/wp\/v2\/comments?post=752"}],"version-history":[{"count":9,"href":"https:\/\/eduardoherrera.org\/blog\/wp-json\/wp\/v2\/posts\/752\/revisions"}],"predecessor-version":[{"id":754,"href":"https:\/\/eduardoherrera.org\/blog\/wp-json\/wp\/v2\/posts\/752\/revisions\/754"}],"wp:attachment":[{"href":"https:\/\/eduardoherrera.org\/blog\/wp-json\/wp\/v2\/media?parent=752"}],"wp:term":[{"taxonomy":"category","embeddable":true,"href":"https:\/\/eduardoherrera.org\/blog\/wp-json\/wp\/v2\/categories?post=752"},{"taxonomy":"post_tag","embeddable":true,"href":"https:\/\/eduardoherrera.org\/blog\/wp-json\/wp\/v2\/tags?post=752"}],"curies":[{"name":"wp","href":"https:\/\/api.w.org\/{rel}","templated":true}]}}