{"id":819,"date":"2013-04-11T09:19:06","date_gmt":"2013-04-11T09:19:06","guid":{"rendered":"http:\/\/eduardoherrera.org\/blog\/?p=819"},"modified":"2013-04-11T09:20:56","modified_gmt":"2013-04-11T09:20:56","slug":"reclamacion-por-suministro-electrico-deficiente","status":"publish","type":"post","link":"https:\/\/eduardoherrera.org\/blog\/reclamacion-por-suministro-electrico-deficiente\/","title":{"rendered":"Reclamaci\u00f3n por suministro el\u00e9ctrico deficiente"},"content":{"rendered":"<p><a href=\"http:\/\/eduardoherrera.org\/blog\/wp-content\/uploads\/2013\/01\/stock-photo-2425717-getting-a-call.jpg\"><img loading=\"lazy\" class=\"alignleft size-full wp-image-604\" alt=\"stock-photo-2425717-getting-a-call\" src=\"http:\/\/eduardoherrera.org\/blog\/wp-content\/uploads\/2013\/01\/stock-photo-2425717-getting-a-call.jpg\" width=\"105\" height=\"110\" \/><\/a>Esta ma\u00f1ana de nuevo he vuelto a ver a un\u00a0mont\u00f3n\u00a0de vecinos de pisos y lonjas sin luz. Personalmente en los \u00faltimos doce meses he sufrido incidentes del mismo estilo, y por m\u00e1s que he intentado quejarme que no basta con un simple \u00abapa\u00f1o\u00bb en la acometida general, los incidentes se repiten y no se soluciona el problema de\u00a0ra\u00edz.<\/p>\n<p>Es sencillo, las acometidas generales se encuentran obsoletas y deber\u00edan ser renovadas de forma paulatina. Curiosamente es en lo \u00fanico que no se han modernizado porque las tarifas y las facturas son de los m\u00e1s <em>chic.<\/em><\/p>\n<p>As\u00ed que lo \u00fanico en lo que os puedo ayudar, y lo hago de forma gustosa, es en acompa\u00f1aros de un modelo de reclamaci\u00f3n por el deficiente suministro\u00a0el\u00e9ctrico. Por lo general, una vez que comprueban la veracidad de lo denunciado se procede a una rebaja en la factura, no es que sea mucho, pero algo es.<\/p>\n<p><strong>Que no sea por no saber hacerlo.\u00a0<\/strong><\/p>\n<p>&nbsp;<\/p>\n<p>&nbsp;<\/p>\n<p align=\"right\">(Nombre de la empresa suministradora)-Departamento de Reclamaciones.<\/p>\n<p align=\"right\">Apartado de Correos 6&#8230;&#8230;&#8230;. (o entregar en la propia sede)<\/p>\n<p align=\"right\">Contrato Ref. &#8230;&#8230;&#8230;&#8230;&#8230;&#8230;&#8230;&#8230;&#8230;..<\/p>\n<p align=\"center\"><b><span style=\"text-decoration: underline;\">AL DEPARTAMENTO DE RECLAMACIONES DE &#8230;&#8230;&#8230;&#8230;<\/span><\/b><\/p>\n<p>DON \u2026\u2026\u2026\u2026\u2026\u2026\u2026\u2026\u2026\u2026\u2026\u2026\u2026\u2026\u2026\u2026\u2026\u2026\u2026, mayor de edad, DNI \u2026\u2026\u2026\u2026\u2026\u2026\u2026\u2026, y domicilio a efectos de notificaciones en &#8230;&#8230;&#8230;&#8230;&#8230;&#8230;&#8230;&#8230;&#8230;&#8230;&#8230;&#8230;&#8230; \u2026\u2026\u2026\u2026\u2026\u2026\u2026, ante este Departamento comparezco y como mejor en Derecho proceda DIGO.<\/p>\n<p>&nbsp;<\/p>\n<p>Que en relaci\u00f3n con el servicio de suministro de energ\u00eda realizado por la empresa &#8230;&#8230;&#8230;. se lleva produciendo de forma reiterado cortes en el suministro de luz de la vivienda que suscribe, as\u00ed como del resto de \u00a0usuarios que componen el edificio.<\/p>\n<p>&nbsp;<\/p>\n<p>De esta forma en el \u00faltimo a\u00f1o y medio se llevan contabilizadas los siguientes cortes de Luz:<\/p>\n<p>Dia \u00a0 \u00a0 \u00a0 \u00a0 \u00a0 \u00a0 \u00a0 \u00a0 \u00a0 \u00a0 \u00a0 \u00a0 \u00a0 \u00a0 \u00a0 \u00a0 \u00a0Causas \u00a0 \u00a0 \u00a0 \u00a0 \u00a0 \u00a0 \u00a0 \u00a0 \u00a0 \u00a0Duraci\u00f3n de la Aver\u00eda<\/p>\n<p>26\/04\/2011\u00a0\u00a0\u00a0\u00a0\u00a0\u00a0\u00a0\u00a0\u00a0\u00a0\u00a0\u00a0\u00a0 Red deficitaria\u00a0\u00a0\u00a0\u00a0\u00a0\u00a0\u00a0\u00a0\u00a0\u00a0 30 min.<\/p>\n<p>17\/09\/2011\u00a0\u00a0\u00a0\u00a0\u00a0\u00a0\u00a0\u00a0\u00a0\u00a0\u00a0\u00a0\u00a0 Red deficitaria\u00a0\u00a0\u00a0\u00a0\u00a0\u00a0\u00a0\u00a0\u00a0\u00a0 8 horas 30 minutos<\/p>\n<p>12\/12\/2011\u00a0\u00a0\u00a0\u00a0\u00a0\u00a0\u00a0\u00a0\u00a0 Red deficitaria\u00a0\u00a0\u00a0\u00a0\u00a0\u00a0\u00a0\u00a0\u00a0\u00a0 24 horas<\/p>\n<p>05\/06\/2012 \u00a0 \u00a0 \u00a0 \u00a0Red deficitaria\u00a0\u00a0\u00a0\u00a0\u00a0\u00a0\u00a0\u00a0\u00a0\u00a0 15 horas<\/p>\n<p>02\/10\/2012 \u00a0 \u00a0 \u00a0 \u00a0Red deficitaria\u00a0\u00a0\u00a0\u00a0\u00a0\u00a0\u00a0\u00a0\u00a0\u00a0 18 horas<\/p>\n<p>Todas las aver\u00edas descritas provienen del mismo punto, de la red subterr\u00e1nea, que se ha comprobado presenta un aspecto deficitario, y que con simples parches no se soluciona.<\/p>\n<p>De esta forma, se entiende la necesidad urgente de renovar la instalaci\u00f3n subterr\u00e1nea que da servicio a mi vivienda y que de la misma forma se devuelva la parte proporcional como consecuencia de las aver\u00edas sufridas.<\/p>\n<p>Por todo lo expuesto,<\/p>\n<p>SUPLICO: que teniendo por presentado el presente escrito se sirva en admitirlo y por hechas las manifestaciones que el mismo contiene, acordando de conformidad con lo solicitado y todo ello por ser de justicia que pido en &#8230;&#8230;&#8230;&#8230;&#8230;&#8230;&#8230;&#8230;&#8230;&#8230;&#8230;&#8230;&#8230;&#8230;&#8230;&#8230;&#8230;&#8230;&#8230;&#8230;&#8230;&#8230;&#8230;&#8230;&#8230;&#8230;.<\/p>\n<p>&nbsp;<\/p>\n<p>PD. <strong>Este post est\u00e1 dedicado a Rom\u00e1n A<\/strong>.\u00a0Cualquier\u00a0momento es bueno para aportar ideas.<\/p>\n<p>&nbsp;<\/p>\n","protected":false},"excerpt":{"rendered":"<p>Esta ma\u00f1ana de nuevo he vuelto a ver a un\u00a0mont\u00f3n\u00a0de vecinos de pisos y lonjas sin luz. Personalmente en los \u00faltimos doce meses he sufrido incidentes del mismo estilo, y por m\u00e1s que he intentado&#8230;<\/p>\n","protected":false},"author":2,"featured_media":0,"comment_status":"open","ping_status":"open","sticky":false,"template":"","format":"standard","meta":[],"categories":[7],"tags":[25,27,24,26],"amp_enabled":true,"_links":{"self":[{"href":"https:\/\/eduardoherrera.org\/blog\/wp-json\/wp\/v2\/posts\/819"}],"collection":[{"href":"https:\/\/eduardoherrera.org\/blog\/wp-json\/wp\/v2\/posts"}],"about":[{"href":"https:\/\/eduardoherrera.org\/blog\/wp-json\/wp\/v2\/types\/post"}],"author":[{"embeddable":true,"href":"https:\/\/eduardoherrera.org\/blog\/wp-json\/wp\/v2\/users\/2"}],"replies":[{"embeddable":true,"href":"https:\/\/eduardoherrera.org\/blog\/wp-json\/wp\/v2\/comments?post=819"}],"version-history":[{"count":3,"href":"https:\/\/eduardoherrera.org\/blog\/wp-json\/wp\/v2\/posts\/819\/revisions"}],"predecessor-version":[{"id":821,"href":"https:\/\/eduardoherrera.org\/blog\/wp-json\/wp\/v2\/posts\/819\/revisions\/821"}],"wp:attachment":[{"href":"https:\/\/eduardoherrera.org\/blog\/wp-json\/wp\/v2\/media?parent=819"}],"wp:term":[{"taxonomy":"category","embeddable":true,"href":"https:\/\/eduardoherrera.org\/blog\/wp-json\/wp\/v2\/categories?post=819"},{"taxonomy":"post_tag","embeddable":true,"href":"https:\/\/eduardoherrera.org\/blog\/wp-json\/wp\/v2\/tags?post=819"}],"curies":[{"name":"wp","href":"https:\/\/api.w.org\/{rel}","templated":true}]}}